[{"@context":"https:\/\/schema.org\/","@type":"BlogPosting","@id":"https:\/\/www.iwelt.de\/ausbildungsstart-in-der-iwelt\/#BlogPosting","mainEntityOfPage":"https:\/\/www.iwelt.de\/ausbildungsstart-in-der-iwelt\/","headline":"Ausbildungsstart in der iWelt","name":"Ausbildungsstart in der iWelt","description":"Am Mittwoch, den 2. September 2021, haben vier neue Azubis ihre Ausbildung in der Krick Unternehmensfamilie begonnen. In der iWelt starten dabei dieses Jahr ein Kaufmann f\u00fcr IT-Systemmanagement und je [&hellip;]","datePublished":"2021-09-03","dateModified":"2021-09-03","author":{"@type":"Person","@id":"https:\/\/www.iwelt.de\/author\/johanna-baumgart\/#Person","name":"Johanna","url":"https:\/\/www.iwelt.de\/author\/johanna-baumgart\/","identifier":32,"image":{"@type":"ImageObject","@id":"https:\/\/secure.gravatar.com\/avatar\/a07826e4c0329dd425602f91f38f50276a8aedcb54462641d15b01f8458bc0cf?s=96&d=mm&r=g","url":"https:\/\/secure.gravatar.com\/avatar\/a07826e4c0329dd425602f91f38f50276a8aedcb54462641d15b01f8458bc0cf?s=96&d=mm&r=g","height":96,"width":96}},"image":{"@type":"ImageObject","@id":"https:\/\/www.iwelt.de\/wp-content\/uploads\/Azubis_2021_2.jpg","url":"https:\/\/www.iwelt.de\/wp-content\/uploads\/Azubis_2021_2.jpg","height":1109,"width":1664},"url":"https:\/\/www.iwelt.de\/ausbildungsstart-in-der-iwelt\/","about":["Allgemein","iWelt-News","News"],"wordCount":158,"articleBody":"Am Mittwoch, den 2. September 2021, haben vier neue Azubis ihre Ausbildung in der Krick Unternehmensfamilie begonnen. In der iWelt starten dabei dieses Jahr ein Kaufmann f\u00fcr IT-Systemmanagement und je ein Fachinformatiker f\u00fcr Systemintegration und Anwendungsentwicklung.An ihrem ersten Tag haben die Neuank\u00f6mmlinge eine Betriebsf\u00fchrung bekommen und durften das Unternehmen und ihre neuen Kollegen kennenlernen. Zur Vorstellung bei unseren Mitarbeitern haben die vier Auszubildenden gemeinsam mit den Azubis aus dem zweiten und dritten Lehrjahr ein Video gedreht.Am zweiten Tag ging es direkt in die Praxis: Die Azubis starteten in ihren ersten Einsatzabteilungen und lernten Programme, Serverr\u00e4ume und Abl\u00e4ufe kennen. Damit sie die Unternehmensfamilie und ihre Produkte besser kennenlernen, haben unsere Neulinge am Nachmittag weitere spannende Infos bekommen. Mit einer Schnitzeljagd und der Einf\u00fchrung in die Berichtsheftf\u00fchrung neigte sich auch der zweite Tag dem Ende zu.Wir w\u00fcnschen unseren neuen Azubis einen tollen Start, viel Erfolg und Freude an ihrem Beruf!"},{"@context":"https:\/\/schema.org\/","@type":"BreadcrumbList","itemListElement":[{"@type":"ListItem","position":1,"name":"Ausbildungsstart in der iWelt","item":"https:\/\/www.iwelt.de\/ausbildungsstart-in-der-iwelt\/#breadcrumbitem"}]}]