[{"@context":"https:\/\/schema.org\/","@type":"BlogPosting","@id":"https:\/\/www.iwelt.de\/girlsday-bei-der-iwelt-ag-am-26-maerz-2020\/#BlogPosting","mainEntityOfPage":"https:\/\/www.iwelt.de\/girlsday-bei-der-iwelt-ag-am-26-maerz-2020\/","headline":"Girls\u2019Day bei der iWelt AG am 26. M\u00e4rz 2020 &#8211; Ein Tag als Fachinformatikerin","name":"Girls\u2019Day bei der iWelt AG am 26. M\u00e4rz 2020 &#8211; Ein Tag als Fachinformatikerin","description":"Anja ist Mitarbeiterin im Personalbereich bei Krick. Sie k\u00fcmmert sich um die Organisation des Girls\u2019Day am 26. M\u00e4rz 2020 bei der iWelt AG, die Teil der Krick Unternehmensfamilie ist. Deswegen [&hellip;]","datePublished":"2020-01-02","dateModified":"2020-01-02","author":{"@type":"Person","@id":"https:\/\/www.iwelt.de\/author\/johanna-baumgart\/#Person","name":"Johanna","url":"https:\/\/www.iwelt.de\/author\/johanna-baumgart\/","identifier":32,"image":{"@type":"ImageObject","@id":"https:\/\/secure.gravatar.com\/avatar\/a07826e4c0329dd425602f91f38f50276a8aedcb54462641d15b01f8458bc0cf?s=96&d=mm&r=g","url":"https:\/\/secure.gravatar.com\/avatar\/a07826e4c0329dd425602f91f38f50276a8aedcb54462641d15b01f8458bc0cf?s=96&d=mm&r=g","height":96,"width":96}},"image":{"@type":"ImageObject","@id":"https:\/\/www.iwelt.de\/wp-content\/uploads\/Kompetenzz_22159_siegel_gd_wir-machen-mit_domain-scr.jpg","url":"https:\/\/www.iwelt.de\/wp-content\/uploads\/Kompetenzz_22159_siegel_gd_wir-machen-mit_domain-scr.jpg","height":500,"width":850},"url":"https:\/\/www.iwelt.de\/girlsday-bei-der-iwelt-ag-am-26-maerz-2020\/","about":["Allgemein","iWelt-News","News"],"wordCount":255,"articleBody":"Anja ist Mitarbeiterin im Personalbereich bei Krick. Sie k\u00fcmmert sich um die Organisation des Girls\u2019Day am 26. M\u00e4rz 2020 bei der iWelt AG, die Teil der Krick Unternehmensfamilie ist. Deswegen steht sie uns heute Rede und Antwort dazu, was Euch bei diesem Tagespraktikum erwartet und warum es sich lohnt, sich zu bewerben.Anja, wie l\u00e4uft der Girls\u2018Day ab?Beim Girls\u2019Day k\u00f6nnt Ihr in den Berufsalltag einer Fachinformatikerin Anwendungsentwicklung\/Systemintegration reinschnuppern. Unsere Azubis bereiten einen spannenden Tag mit vielen Einblicken und interessanten Aufgaben f\u00fcr euch vor. Erst wird es einen \u00dcberblick \u00fcber die Krick Unternehmensfamilie geben. Im Anschluss werden unsere Technik-Azubis Euch mit in ihren spannenden Arbeitsalltag nehmen. Nach einem gemeinsamen Mittagessen gibt es noch Infos zur Ausbildung bei der iWelt und eine Schnitzeljagd. Also kommt vorbei, es lohnt sich.Wer kann mitmachen? F\u00fcr wen ist der Tag was?Wenn Ihr in der 8. oder 9. Klasse seid und Euch f\u00fcr IT, Technik und digitale Themen interessiert, dann seid Ihr bei uns genau richtig.Wo muss ich mich f\u00fcr den Girls\u2019Day bewerben?Die Anmeldung erfolgt einfach online \u00fcber den Girls\u2018Day-Radar unter https:\/\/www.girls-day.de\/@\/Show\/iwelt-ag\/ein-tag-als-fachinformatikerin. Aber wartet nicht zu lange mit Eurer Anmeldung, die Pl\u00e4tze sind begrenzt.Welche Chancen bieten sich nach dem Tag?Wir suchen immer wieder junge motivierte Menschen f\u00fcr unsere Ausbildungspl\u00e4tze. Au\u00dferdem vergeben wir regelm\u00e4\u00dfig Praktika.WasGirls\u2018Day bei der iWelt AG &#8211; Ein Tag als FachinformatikerinWann26. M\u00e4rz 2020 8.00 \u2013 16.00 UhrWoMainparkring 4, 97246 EibelstadtFragenTel. 09303 982100"},{"@context":"https:\/\/schema.org\/","@type":"BreadcrumbList","itemListElement":[{"@type":"ListItem","position":1,"name":"Girls\u2019Day bei der iWelt AG am 26. M\u00e4rz 2020 &#8211; Ein Tag als Fachinformatikerin","item":"https:\/\/www.iwelt.de\/girlsday-bei-der-iwelt-ag-am-26-maerz-2020\/#breadcrumbitem"}]}]